{"id":3496,"date":"2020-10-28T11:35:20","date_gmt":"2020-10-28T09:35:20","guid":{"rendered":"http:\/\/www.freizeittourer.de\/?p=3496"},"modified":"2021-11-01T10:05:36","modified_gmt":"2021-11-01T08:05:36","slug":"der-gruene-guertel-rund-um-frankfurt","status":"publish","type":"post","link":"https:\/\/www.freizeittourer.de\/?p=3496","title":{"rendered":"Der Gr\u00fcne G\u00fcrtel rund um Frankfurt"},"content":{"rendered":"<p><span style=\"font-family: arial, helvetica, sans-serif;\"><img loading=\"lazy\" decoding=\"async\" class=\"alignleft size-full wp-image-3498\" style=\"margin-top: 5px; margin-right: 10px; margin-bottom: 10px;\" title=\"Blick \u00fcber den Main auf Frankfurt-H\u00f6chst\" src=\"https:\/\/www.freizeittourer.de\/wp-content\/uploads\/2020\/10\/20200909_110428_klein.jpg\" alt=\"\" width=\"299\" height=\"225\"><\/span><\/p>\n<p><span style=\"font-family: arial, helvetica, sans-serif; color: #000000;\">Am 9. September haben wir uns den Gr\u00fcnen G\u00fcrtel rund um Frankfurt vorgenommen. Als Start haben wir unser Auto in der Isenburger Schneise abgestellt und haben uns dann im Uhrzeigersinn auf den Weg gemacht. Zun\u00e4chst fahren wir durch waldiges Gebiet Richtung H\u00f6chst. Leider hatte die F\u00e4hre heute einen freien Tag. Also ab \u00fcber die Br\u00fccke. Im H\u00f6chster Schloss gibt es einen tollen Biergarten, ideal f\u00fcr unser 2. Fr\u00fchst\u00fcck. Dann weiter zur Nidda bis nach Bonames. Hier ist Schluss mit dem gem\u00fctlichen Radeln, die \u201eBergetappe\u201c beginnt. Von Berkersheim f\u00fchrt die Strecke rauf auf den Berger R\u00fccken und den 203 Meter hohen Gisisberg, dann hinab nach Bergen-Enkheim. Wir k\u00fcrzen ab und fahren die restliche Strecke eine Alternativroute. Die Ausschilderung ist wirklich hervorragend und drei Viertel der 62 km sind auch f\u00fcr Genussradler ein Traum. Besonders die Kilometer an der Nidda entlang sind Klasse. Wir werden wiederkommen.<\/span><\/p>\n","protected":false},"excerpt":{"rendered":"<p>Am 9. September haben wir uns den Gr\u00fcnen G\u00fcrtel rund um Frankfurt vorgenommen. Als Start haben wir unser Auto in der Isenburger Schneise abgestellt und haben uns dann im Uhrzeigersinn auf den Weg gemacht. Zun\u00e4chst fahren wir durch waldiges Gebiet &hellip; <a href=\"https:\/\/www.freizeittourer.de\/?p=3496\">Weiterlesen <span class=\"meta-nav\">&rarr;<\/span><\/a><\/p>\n","protected":false},"author":2,"featured_media":0,"comment_status":"open","ping_status":"open","sticky":false,"template":"","format":"standard","meta":{"footnotes":""},"categories":[1],"tags":[],"class_list":["post-3496","post","type-post","status-publish","format-standard","hentry","category-home"],"_links":{"self":[{"href":"https:\/\/www.freizeittourer.de\/index.php?rest_route=\/wp\/v2\/posts\/3496","targetHints":{"allow":["GET"]}}],"collection":[{"href":"https:\/\/www.freizeittourer.de\/index.php?rest_route=\/wp\/v2\/posts"}],"about":[{"href":"https:\/\/www.freizeittourer.de\/index.php?rest_route=\/wp\/v2\/types\/post"}],"author":[{"embeddable":true,"href":"https:\/\/www.freizeittourer.de\/index.php?rest_route=\/wp\/v2\/users\/2"}],"replies":[{"embeddable":true,"href":"https:\/\/www.freizeittourer.de\/index.php?rest_route=%2Fwp%2Fv2%2Fcomments&post=3496"}],"version-history":[{"count":12,"href":"https:\/\/www.freizeittourer.de\/index.php?rest_route=\/wp\/v2\/posts\/3496\/revisions"}],"predecessor-version":[{"id":3651,"href":"https:\/\/www.freizeittourer.de\/index.php?rest_route=\/wp\/v2\/posts\/3496\/revisions\/3651"}],"wp:attachment":[{"href":"https:\/\/www.freizeittourer.de\/index.php?rest_route=%2Fwp%2Fv2%2Fmedia&parent=3496"}],"wp:term":[{"taxonomy":"category","embeddable":true,"href":"https:\/\/www.freizeittourer.de\/index.php?rest_route=%2Fwp%2Fv2%2Fcategories&post=3496"},{"taxonomy":"post_tag","embeddable":true,"href":"https:\/\/www.freizeittourer.de\/index.php?rest_route=%2Fwp%2Fv2%2Ftags&post=3496"}],"curies":[{"name":"wp","href":"https:\/\/api.w.org\/{rel}","templated":true}]}}