{"id":3449,"date":"2020-07-28T09:45:28","date_gmt":"2020-07-28T07:45:28","guid":{"rendered":"http:\/\/www.freizeittourer.de\/?p=3449"},"modified":"2021-11-01T20:48:18","modified_gmt":"2021-11-01T18:48:18","slug":"altmarkrundkurs-528km-durchs-nuescht","status":"publish","type":"post","link":"https:\/\/www.freizeittourer.de\/?p=3449","title":{"rendered":"Altmarkrundkurs &#8211; 528km durchs &#8222;N\u00fcscht&#8220;"},"content":{"rendered":"<p><span style=\"font-family: arial, helvetica, sans-serif;\"><img loading=\"lazy\" decoding=\"async\" class=\"alignleft size-full wp-image-3612\" style=\"margin-top: 5px; margin-right: 10px; margin-bottom: 10px;\" title=\"Diese Pause in Kl\u00f6tze haben wir uns verdient\" src=\"https:\/\/www.freizeittourer.de\/wp-content\/uploads\/2020\/07\/Kloetze_300x295.jpg\" alt=\"\" width=\"300\" height=\"292\"><span style=\"color: #000000;\">Endlich wieder auf Tour! Wir sind vom 04.07. &#8211; 11.07.2020 unsere bisher l\u00e4ngste (8 Tage) und weiteste (528km) Radtour gefahren. Der Rundkurs durch die Altmark ist ein Paradies f\u00fcr ruhesuchende Zeitgenossen. Wir haben manchmal stundenlang keine Menschenseele getroffen. Es gibt allerdings auch nur sehr wenige M\u00f6glichkeiten, sich mit Kaltgetr\u00e4nken oder einer Currywurst zu versorgen. Die Radwege sind teilweise von sehr schlechter Qualit\u00e4t und haben ihren Namen nicht immer verdient. Grober Schotter oder Treibsand haben uns das Leben manchmal schwer gemacht. Hinzu kamen starker Gegenwind und Regen. Trotzdem sind wir froh und auch etwas stolz, es gewagt und geschafft zu haben. Wir haben sieben verschiedene Unterk\u00fcnfte kennen gelernt und sehr unterschiedliche Arten, ein Fr\u00fchst\u00fcck bereit zu stellen, denn die besondere Situation (Corona) erfordert gro\u00dfe Kreativit\u00e4t. Wir haben viele nette Menschen getroffen, die sehr bem\u00fcht und hilfsbereit waren. Alle haben versucht, es f\u00fcr uns so angenehm wie m\u00f6glich zu machen. <a style=\"color: #000000;\" href=\"https:\/\/www.freizeittourer.de\/?page_id=3459\" target=\"_blank\" rel=\"noopener noreferrer\"><span style=\"color: #ff0000;\">mehr &#8230;<\/span><\/a><\/span><\/span><\/p>\n","protected":false},"excerpt":{"rendered":"<p>Endlich wieder auf Tour! Wir sind vom 04.07. &#8211; 11.07.2020 unsere bisher l\u00e4ngste (8 Tage) und weiteste (528km) Radtour gefahren. Der Rundkurs durch die Altmark ist ein Paradies f\u00fcr ruhesuchende Zeitgenossen. Wir haben manchmal stundenlang keine Menschenseele getroffen. Es gibt &hellip; <a href=\"https:\/\/www.freizeittourer.de\/?p=3449\">Weiterlesen <span class=\"meta-nav\">&rarr;<\/span><\/a><\/p>\n","protected":false},"author":2,"featured_media":0,"comment_status":"open","ping_status":"open","sticky":false,"template":"","format":"standard","meta":{"footnotes":""},"categories":[1],"tags":[],"class_list":["post-3449","post","type-post","status-publish","format-standard","hentry","category-home"],"_links":{"self":[{"href":"https:\/\/www.freizeittourer.de\/index.php?rest_route=\/wp\/v2\/posts\/3449","targetHints":{"allow":["GET"]}}],"collection":[{"href":"https:\/\/www.freizeittourer.de\/index.php?rest_route=\/wp\/v2\/posts"}],"about":[{"href":"https:\/\/www.freizeittourer.de\/index.php?rest_route=\/wp\/v2\/types\/post"}],"author":[{"embeddable":true,"href":"https:\/\/www.freizeittourer.de\/index.php?rest_route=\/wp\/v2\/users\/2"}],"replies":[{"embeddable":true,"href":"https:\/\/www.freizeittourer.de\/index.php?rest_route=%2Fwp%2Fv2%2Fcomments&post=3449"}],"version-history":[{"count":18,"href":"https:\/\/www.freizeittourer.de\/index.php?rest_route=\/wp\/v2\/posts\/3449\/revisions"}],"predecessor-version":[{"id":3673,"href":"https:\/\/www.freizeittourer.de\/index.php?rest_route=\/wp\/v2\/posts\/3449\/revisions\/3673"}],"wp:attachment":[{"href":"https:\/\/www.freizeittourer.de\/index.php?rest_route=%2Fwp%2Fv2%2Fmedia&parent=3449"}],"wp:term":[{"taxonomy":"category","embeddable":true,"href":"https:\/\/www.freizeittourer.de\/index.php?rest_route=%2Fwp%2Fv2%2Fcategories&post=3449"},{"taxonomy":"post_tag","embeddable":true,"href":"https:\/\/www.freizeittourer.de\/index.php?rest_route=%2Fwp%2Fv2%2Ftags&post=3449"}],"curies":[{"name":"wp","href":"https:\/\/api.w.org\/{rel}","templated":true}]}}