{"id":3415,"date":"2018-05-01T12:35:57","date_gmt":"2018-05-01T10:35:57","guid":{"rendered":"http:\/\/www.freizeittourer.de\/?p=3415"},"modified":"2021-11-01T20:44:08","modified_gmt":"2021-11-01T18:44:08","slug":"die-saison-2018-kann-losgehen","status":"publish","type":"post","link":"https:\/\/www.freizeittourer.de\/?p=3415","title":{"rendered":"Die Saison 2018 kann losgehen"},"content":{"rendered":"<p><img loading=\"lazy\" decoding=\"async\" class=\"size-medium wp-image-3432 alignleft\" style=\"margin-top: 5px; margin-right: 10px; margin-bottom: 10px;\" title=\"Mit Nachbarin und meinem Schatz im Biergarten\" src=\"https:\/\/www.freizeittourer.de\/wp-content\/uploads\/2018\/05\/Radtour_2018_klein-300x225.jpg\" alt=\"\" width=\"300\" height=\"225\"><span style=\"font-family: arial, helvetica, sans-serif;\"><span style=\"color: #000000;\">Seit einigen Wochen haben wir mit zahlreichen kleinen Fahrten intensiv am &#8222;Projekt Muskelaufbau&#8220; gearbeitet, denn dieses Jahr soll wieder deutlich mehr geradelt werden. Am letzten Wochenende war der richtige Zeitpunkt gekommen, um die Saison 2018 mit unserer ersten gr\u00f6\u00dferen Tour nach Aschaffenburg offiziell zu er\u00f6ffnen. Diesmal hat sich unsere nette Nachbarin angeschlossen, obwohl sie vor den 64 km m\u00e4chtig Respekt hatte. Nach der H\u00e4lfte der Stecke am Fu\u00dfballplatz im Park Sch\u00f6nbusch hie\u00df es 3xCurrywurst mit Pommes mit passenden Kaltgetr\u00e4nken &#8211; sehr lecker. Danach ging es gem\u00fctlich \u00fcber Schaafheim zur\u00fcck. Den Tag haben wir in unserem Garten ausklingen lassen und den F\u00fcssen eine Sch\u00fcssel mit kaltem Wasser geg\u00f6nnt. Wir sind f\u00fcr weitere Touren bereit.<\/span><br \/>\n<\/span><\/p>\n","protected":false},"excerpt":{"rendered":"<p>Seit einigen Wochen haben wir mit zahlreichen kleinen Fahrten intensiv am &#8222;Projekt Muskelaufbau&#8220; gearbeitet, denn dieses Jahr soll wieder deutlich mehr geradelt werden. Am letzten Wochenende war der richtige Zeitpunkt gekommen, um die Saison 2018 mit unserer ersten gr\u00f6\u00dferen Tour &hellip; <a href=\"https:\/\/www.freizeittourer.de\/?p=3415\">Weiterlesen <span class=\"meta-nav\">&rarr;<\/span><\/a><\/p>\n","protected":false},"author":2,"featured_media":0,"comment_status":"open","ping_status":"open","sticky":false,"template":"","format":"standard","meta":{"footnotes":""},"categories":[1],"tags":[],"class_list":["post-3415","post","type-post","status-publish","format-standard","hentry","category-home"],"_links":{"self":[{"href":"https:\/\/www.freizeittourer.de\/index.php?rest_route=\/wp\/v2\/posts\/3415","targetHints":{"allow":["GET"]}}],"collection":[{"href":"https:\/\/www.freizeittourer.de\/index.php?rest_route=\/wp\/v2\/posts"}],"about":[{"href":"https:\/\/www.freizeittourer.de\/index.php?rest_route=\/wp\/v2\/types\/post"}],"author":[{"embeddable":true,"href":"https:\/\/www.freizeittourer.de\/index.php?rest_route=\/wp\/v2\/users\/2"}],"replies":[{"embeddable":true,"href":"https:\/\/www.freizeittourer.de\/index.php?rest_route=%2Fwp%2Fv2%2Fcomments&post=3415"}],"version-history":[{"count":13,"href":"https:\/\/www.freizeittourer.de\/index.php?rest_route=\/wp\/v2\/posts\/3415\/revisions"}],"predecessor-version":[{"id":3665,"href":"https:\/\/www.freizeittourer.de\/index.php?rest_route=\/wp\/v2\/posts\/3415\/revisions\/3665"}],"wp:attachment":[{"href":"https:\/\/www.freizeittourer.de\/index.php?rest_route=%2Fwp%2Fv2%2Fmedia&parent=3415"}],"wp:term":[{"taxonomy":"category","embeddable":true,"href":"https:\/\/www.freizeittourer.de\/index.php?rest_route=%2Fwp%2Fv2%2Fcategories&post=3415"},{"taxonomy":"post_tag","embeddable":true,"href":"https:\/\/www.freizeittourer.de\/index.php?rest_route=%2Fwp%2Fv2%2Ftags&post=3415"}],"curies":[{"name":"wp","href":"https:\/\/api.w.org\/{rel}","templated":true}]}}