{"id":3397,"date":"2017-03-11T13:00:43","date_gmt":"2017-03-11T11:00:43","guid":{"rendered":"http:\/\/www.freizeittourer.de\/?p=3397"},"modified":"2021-11-01T20:44:36","modified_gmt":"2021-11-01T18:44:36","slug":"die-ersten-kilometer-in-2017-sind-geschafft","status":"publish","type":"post","link":"https:\/\/www.freizeittourer.de\/?p=3397","title":{"rendered":"Die ersten Kilometer in 2017 sind geschafft"},"content":{"rendered":"<p><img loading=\"lazy\" decoding=\"async\" class=\"size-medium wp-image-3398 alignleft\" style=\"margin-top: 5px; margin-right: 10px; margin-bottom: 10px;\" title=\"Im Biergarten bei Axel\" src=\"https:\/\/www.freizeittourer.de\/wp-content\/uploads\/2017\/03\/20170310_162332_klein-300x169.jpg\" alt=\"\" width=\"300\" height=\"169\"><span style=\"font-family: arial, helvetica, sans-serif; color: #000000;\">Gestern haben wir uns getraut und sind endlich die ersten Kilometer gefahren. Die Sonne hat schon Kraft, ist aber leider nicht immer dabei. Wir haben angefangen, uns&nbsp;\u00fcberall zur\u00fcck zu melden. Unsere erste Fahrt f\u00fchrte uns zu Axel und seiner Auszeit. Er hatte zwar noch kein Bier vom Fass, aber das war auch o.k. Im Ausnahmefall geht auch \u00b4mal Flasche. Hier in M\u00fcnster im Freizeitgel\u00e4nde sind neben zahlreichen Radlern auch immer viele Hunde zu finden. F\u00fcttern ist, besonders bei der Haus-H\u00fcndin Amy, streng verboten. Axel hat selbstgemachtes Apfelschmalz mit frischem Brot neu ins Programm genommen. Nat\u00fcrlich habe ich gleich eine Probierportion bestellt. Sehr lecker und ideal zum Bier. Auf der R\u00fcckfahrt wurde es langsam k\u00fchl, denn die Sonne war hinter Wolken verschwunden &nbsp;und ich musste frieren. Zum Gl\u00fcck war mein Schatz warm genug angezogen. Morgen geht&#8217;s&nbsp;mit dem Rad nach Gro\u00df-Umstadt, wenn das Wetter mitspielt. Die Saison ist er\u00f6ffnet.<\/span><\/p>\n","protected":false},"excerpt":{"rendered":"<p>Gestern haben wir uns getraut und sind endlich die ersten Kilometer gefahren. Die Sonne hat schon Kraft, ist aber leider nicht immer dabei. Wir haben angefangen, uns&nbsp;\u00fcberall zur\u00fcck zu melden. Unsere erste Fahrt f\u00fchrte uns zu Axel und seiner Auszeit. &hellip; <a href=\"https:\/\/www.freizeittourer.de\/?p=3397\">Weiterlesen <span class=\"meta-nav\">&rarr;<\/span><\/a><\/p>\n","protected":false},"author":2,"featured_media":0,"comment_status":"open","ping_status":"open","sticky":false,"template":"","format":"standard","meta":{"footnotes":""},"categories":[1],"tags":[],"class_list":["post-3397","post","type-post","status-publish","format-standard","hentry","category-home"],"_links":{"self":[{"href":"https:\/\/www.freizeittourer.de\/index.php?rest_route=\/wp\/v2\/posts\/3397","targetHints":{"allow":["GET"]}}],"collection":[{"href":"https:\/\/www.freizeittourer.de\/index.php?rest_route=\/wp\/v2\/posts"}],"about":[{"href":"https:\/\/www.freizeittourer.de\/index.php?rest_route=\/wp\/v2\/types\/post"}],"author":[{"embeddable":true,"href":"https:\/\/www.freizeittourer.de\/index.php?rest_route=\/wp\/v2\/users\/2"}],"replies":[{"embeddable":true,"href":"https:\/\/www.freizeittourer.de\/index.php?rest_route=%2Fwp%2Fv2%2Fcomments&post=3397"}],"version-history":[{"count":7,"href":"https:\/\/www.freizeittourer.de\/index.php?rest_route=\/wp\/v2\/posts\/3397\/revisions"}],"predecessor-version":[{"id":3666,"href":"https:\/\/www.freizeittourer.de\/index.php?rest_route=\/wp\/v2\/posts\/3397\/revisions\/3666"}],"wp:attachment":[{"href":"https:\/\/www.freizeittourer.de\/index.php?rest_route=%2Fwp%2Fv2%2Fmedia&parent=3397"}],"wp:term":[{"taxonomy":"category","embeddable":true,"href":"https:\/\/www.freizeittourer.de\/index.php?rest_route=%2Fwp%2Fv2%2Fcategories&post=3397"},{"taxonomy":"post_tag","embeddable":true,"href":"https:\/\/www.freizeittourer.de\/index.php?rest_route=%2Fwp%2Fv2%2Ftags&post=3397"}],"curies":[{"name":"wp","href":"https:\/\/api.w.org\/{rel}","templated":true}]}}