{"id":2585,"date":"2015-08-17T11:14:31","date_gmt":"2015-08-17T09:14:31","guid":{"rendered":"http:\/\/www.freizeittourer.de\/?p=2585"},"modified":"2021-11-01T20:49:03","modified_gmt":"2021-11-01T18:49:03","slug":"an-der-mosel-und-am-rhein-entlang","status":"publish","type":"post","link":"https:\/\/www.freizeittourer.de\/?p=2585","title":{"rendered":"An der Mosel und am Rhein entlang"},"content":{"rendered":"<p><img loading=\"lazy\" decoding=\"async\" class=\"alignleft size-medium wp-image-3126\" style=\"margin-top: 5px; margin-right: 10px; margin-bottom: 10px;\" title=\"Ob die F\u00e4hre auch kommt?\" src=\"https:\/\/www.freizeittourer.de\/wp-content\/uploads\/2015\/08\/image-2017-01-30-300x225.jpg\" alt=\"\" width=\"300\" height=\"225\"> <span style=\"font-family: arial, helvetica, sans-serif; color: #000000;\">2014 stand keine gro\u00dfe Tour in unserem Kalender, aber das sollte sich nicht wiederholen.&nbsp;Diesmal war mein Schatz f\u00fcr die Auswahl der Route und die Planung zust\u00e4ndig. Ich habe etwas unterst\u00fctzt.&nbsp;Es war sehr schnell klar, die Mosel sollte es sein. Nur von Trier bis Koblenz fahren?&nbsp;Das sind&nbsp;nicht einmal 200km! Viel zu wenig f\u00fcr den Aufwand. Also entschieden wir, noch den Rhein entlang bis Mainz oder sogar bis nach Hause zu fahren. Aber wo anfangen und wie hinkommen? Zum Gl\u00fcck hatten sich unsere Kinder&nbsp;gerade ein neues Auto mit Fahrradtr\u00e4ger zugelegt. Sie machten uns ein Angebot, dass wir nicht ausschlagen konnten.&nbsp;Sie haben uns nach Trier gebracht und von dort sind wir am n\u00e4chsten Tag gestartet. Nach einem leckeren Essen beim Italiener&nbsp;und einem schnellen Cache, haben wir uns verabschiedet. <\/span><span style=\"font-family: arial, helvetica, sans-serif;\"><a href=\"https:\/\/www.freizeittourer.de\/?page_id=2610\" target=\"_blank\" rel=\"noopener\"><span style=\"color: #ff0000;\">mehr &#8230;<\/span><\/a><\/span><\/p>\n","protected":false},"excerpt":{"rendered":"<p>2014 stand keine gro\u00dfe Tour in unserem Kalender, aber das sollte sich nicht wiederholen.&nbsp;Diesmal war mein Schatz f\u00fcr die Auswahl der Route und die Planung zust\u00e4ndig. Ich habe etwas unterst\u00fctzt.&nbsp;Es war sehr schnell klar, die Mosel sollte es sein. Nur &hellip; <a href=\"https:\/\/www.freizeittourer.de\/?p=2585\">Weiterlesen <span class=\"meta-nav\">&rarr;<\/span><\/a><\/p>\n","protected":false},"author":2,"featured_media":0,"comment_status":"open","ping_status":"open","sticky":false,"template":"","format":"standard","meta":{"footnotes":""},"categories":[1],"tags":[],"class_list":["post-2585","post","type-post","status-publish","format-standard","hentry","category-home"],"_links":{"self":[{"href":"https:\/\/www.freizeittourer.de\/index.php?rest_route=\/wp\/v2\/posts\/2585","targetHints":{"allow":["GET"]}}],"collection":[{"href":"https:\/\/www.freizeittourer.de\/index.php?rest_route=\/wp\/v2\/posts"}],"about":[{"href":"https:\/\/www.freizeittourer.de\/index.php?rest_route=\/wp\/v2\/types\/post"}],"author":[{"embeddable":true,"href":"https:\/\/www.freizeittourer.de\/index.php?rest_route=\/wp\/v2\/users\/2"}],"replies":[{"embeddable":true,"href":"https:\/\/www.freizeittourer.de\/index.php?rest_route=%2Fwp%2Fv2%2Fcomments&post=2585"}],"version-history":[{"count":24,"href":"https:\/\/www.freizeittourer.de\/index.php?rest_route=\/wp\/v2\/posts\/2585\/revisions"}],"predecessor-version":[{"id":3675,"href":"https:\/\/www.freizeittourer.de\/index.php?rest_route=\/wp\/v2\/posts\/2585\/revisions\/3675"}],"wp:attachment":[{"href":"https:\/\/www.freizeittourer.de\/index.php?rest_route=%2Fwp%2Fv2%2Fmedia&parent=2585"}],"wp:term":[{"taxonomy":"category","embeddable":true,"href":"https:\/\/www.freizeittourer.de\/index.php?rest_route=%2Fwp%2Fv2%2Fcategories&post=2585"},{"taxonomy":"post_tag","embeddable":true,"href":"https:\/\/www.freizeittourer.de\/index.php?rest_route=%2Fwp%2Fv2%2Ftags&post=2585"}],"curies":[{"name":"wp","href":"https:\/\/api.w.org\/{rel}","templated":true}]}}