{"id":2509,"date":"2014-03-14T12:53:53","date_gmt":"2014-03-14T10:53:53","guid":{"rendered":"http:\/\/www.freizeittourer.de\/?p=2509"},"modified":"2021-11-01T20:47:08","modified_gmt":"2021-11-01T18:47:08","slug":"der-fruehling-ist-da","status":"publish","type":"post","link":"https:\/\/www.freizeittourer.de\/?p=2509","title":{"rendered":"Der Fr\u00fchling ist da"},"content":{"rendered":"<p><span style=\"font-family: arial,helvetica,sans-serif;\"><img loading=\"lazy\" decoding=\"async\" class=\"size-medium wp-image-3331 alignleft\" style=\"margin-top: 5px; margin-right: 10px; margin-bottom: 10px;\" title=\"Die Saison 2014 ist er\u00f6ffnet\" src=\"https:\/\/www.freizeittourer.de\/wp-content\/uploads\/2017\/02\/DSCN1673-300x225.jpg\" alt=\"Die Saison 2014 ist er\u00f6ffnet\" width=\"300\" height=\"225\"><span style=\"color: #000000;\">Die letzten Tage hatte man das Gef\u00fchl, der Fr\u00fchling ist schon da. Ich bin etwas unsicher, ob das auch so bleibt. Abwarten. Wir haben die Fahrrad-Saison mit unserem traditionellen&nbsp;Biergarten-Besuch im Schlo\u00df Sch\u00f6nbusch jedenfalls schon er\u00f6ffnet. Die Grillsaison wird sehr bald folgen. Nat\u00fcrlich waren wir nicht alleine unterwegs. Die Idee mit dem Biergarten hatten&nbsp;noch viele andere Radler und Fu\u00dfg\u00e4nger. In Zweierreihen standen sie an den Kassen. Nach einem Kellerbier und einem extrem kleinen Wurstsalat (5,90 \u20ac) haben wir das Weite gesucht und in unserem Stamm-Cafe in Gro\u00dfostheim auch gefunden. Auf dem Heimweg haben wir, welch ein Zufall,&nbsp;auch noch Susanne und Dieter getroffen. Ob die Beiden Sch\u00f6nbusch noch erreicht haben, ist nicht \u00fcberliefert. Nach 63 km ging ein wundersch\u00f6ner Tag zu Ende.&nbsp;Nur der Hintern lie\u00df uns sp\u00fcren &#8211; wir sind wieder unterwegs.&nbsp;Zuhause haben wir bemerkt,&nbsp;die&nbsp;20.000 km &#8211; Grenze ist geknackt.&nbsp;Wau !!<\/span><\/span><\/p>\n","protected":false},"excerpt":{"rendered":"<p>Die letzten Tage hatte man das Gef\u00fchl, der Fr\u00fchling ist schon da. Ich bin etwas unsicher, ob das auch so bleibt. Abwarten. Wir haben die Fahrrad-Saison mit unserem traditionellen&nbsp;Biergarten-Besuch im Schlo\u00df Sch\u00f6nbusch jedenfalls schon er\u00f6ffnet. Die Grillsaison wird sehr bald &hellip; <a href=\"https:\/\/www.freizeittourer.de\/?p=2509\">Weiterlesen <span class=\"meta-nav\">&rarr;<\/span><\/a><\/p>\n","protected":false},"author":2,"featured_media":0,"comment_status":"open","ping_status":"open","sticky":false,"template":"","format":"standard","meta":{"footnotes":""},"categories":[1],"tags":[],"class_list":["post-2509","post","type-post","status-publish","format-standard","hentry","category-home"],"_links":{"self":[{"href":"https:\/\/www.freizeittourer.de\/index.php?rest_route=\/wp\/v2\/posts\/2509","targetHints":{"allow":["GET"]}}],"collection":[{"href":"https:\/\/www.freizeittourer.de\/index.php?rest_route=\/wp\/v2\/posts"}],"about":[{"href":"https:\/\/www.freizeittourer.de\/index.php?rest_route=\/wp\/v2\/types\/post"}],"author":[{"embeddable":true,"href":"https:\/\/www.freizeittourer.de\/index.php?rest_route=\/wp\/v2\/users\/2"}],"replies":[{"embeddable":true,"href":"https:\/\/www.freizeittourer.de\/index.php?rest_route=%2Fwp%2Fv2%2Fcomments&post=2509"}],"version-history":[{"count":15,"href":"https:\/\/www.freizeittourer.de\/index.php?rest_route=\/wp\/v2\/posts\/2509\/revisions"}],"predecessor-version":[{"id":3671,"href":"https:\/\/www.freizeittourer.de\/index.php?rest_route=\/wp\/v2\/posts\/2509\/revisions\/3671"}],"wp:attachment":[{"href":"https:\/\/www.freizeittourer.de\/index.php?rest_route=%2Fwp%2Fv2%2Fmedia&parent=2509"}],"wp:term":[{"taxonomy":"category","embeddable":true,"href":"https:\/\/www.freizeittourer.de\/index.php?rest_route=%2Fwp%2Fv2%2Fcategories&post=2509"},{"taxonomy":"post_tag","embeddable":true,"href":"https:\/\/www.freizeittourer.de\/index.php?rest_route=%2Fwp%2Fv2%2Ftags&post=2509"}],"curies":[{"name":"wp","href":"https:\/\/api.w.org\/{rel}","templated":true}]}}